{"id":9564,"date":"2015-09-14T07:59:59","date_gmt":"2015-09-14T12:59:59","guid":{"rendered":"https:\/\/www.uv.mx\/universo\/?p=9564"},"modified":"2015-10-26T20:30:57","modified_gmt":"2015-10-27T02:30:57","slug":"sep-dialogo-con-grupo-de-universidades-uv-entre-ellas","status":"publish","type":"post","link":"https:\/\/www.uv.mx\/universo\/general\/sep-dialogo-con-grupo-de-universidades-uv-entre-ellas\/","title":{"rendered":"SEP dialog\u00f3 con grupo de universidades; UV entre ellas"},"content":{"rendered":"<div class=\"seriesmeta noshow\">Contenido 1 de 48 del n\u00famero <a href=\"https:\/\/www.uv.mx\/universo\/numero\/611\/\" class=\"series-363\" title=\"611\">611<\/a><\/div>\r\n<div id=\"attachment_9565\" style=\"width: 310px\" class=\"wp-caption alignright\"><a href=\"https:\/\/www.uv.mx\/universo\/files\/2015\/09\/Universo-611_Temis_001.jpg\"><img aria-describedby=\"caption-attachment-9565\" decoding=\"async\" loading=\"lazy\" class=\"size-medium wp-image-9565\" src=\"https:\/\/www.uv.mx\/universo\/files\/2015\/09\/Universo-611_Temis_001-300x200.jpg\" alt=\"La Rectora expuso la importancia de ampliar la cobertura con equidad\" width=\"300\" height=\"200\" srcset=\"https:\/\/www.uv.mx\/universo\/files\/2015\/09\/Universo-611_Temis_001-300x200.jpg 300w, https:\/\/www.uv.mx\/universo\/files\/2015\/09\/Universo-611_Temis_001.jpg 720w\" sizes=\"(max-width: 300px) 100vw, 300px\" \/><\/a><p id=\"caption-attachment-9565\" class=\"wp-caption-text\">La Rectora expuso la importancia de ampliar la cobertura con equidad<\/p><\/div>\n<p><em>Aurelio Nu\u00f1o Mayer recibi\u00f3 a grupo de rectores, Sara Ladr\u00f3n de Guevara fue una de ellos<\/em><\/p>\n<p><em>En esta reuni\u00f3n coyuntural tambi\u00e9n estuvieron los rectores de la UNAM y la UdeG<\/em><\/p>\n<p><span style=\"font-size: 8pt\"><strong>Edgar Onofre<\/strong><\/span><\/p>\n<p>La rectora de la Universidad Veracruzana (UV), Sara Ladr\u00f3n de Guevara, form\u00f3 parte del grupo de rectores que se reuni\u00f3 el 9 de septiembre con el secretario de Educaci\u00f3n, Aurelio Nu\u00f1o Mayer, para iniciar un proceso de acercamiento que devendr\u00eda en el establecimiento de una agenda nacional en materia de educaci\u00f3n superior.<\/p>\n<p>El encuentro se llev\u00f3 a efecto en las instalaciones de la Secretar\u00eda de Educaci\u00f3n P\u00fablica (SEP), en el centro hist\u00f3rico de la Ciudad de M\u00e9xico, donde el reci\u00e9n designado secretario recibi\u00f3 al Consejo Nacional de la Asociaci\u00f3n Nacional de Universidades e Instituciones de Educaci\u00f3n Superior (ANUIES), al secretario general ejecutivo de \u00e9sta, y en el que un grupo de rectores propuesto por la propia Asociaci\u00f3n plante\u00f3 ante el nuevo titular de la SEP los temas prioritarios para las universidades mexicanas, p\u00fablicas y privadas.<\/p>\n<p>Junto con autoridades universitarias tan importantes como el rector de la UNAM, Jos\u00e9 Narro Robles, y el rector de la UdeG, Tonatiuh Bravo Padilla, correspondi\u00f3 a Sara Ladr\u00f3n de Guevara exponer ante el secretario Nu\u00f1o Mayer las perspectivas universitarias en uno de los temas cruciales y que el Gobierno Federal, a trav\u00e9s del propio Ejecutivo, ha establecido como prioritario para la educaci\u00f3n superior del pa\u00eds: la cobertura con equidad.<\/p>\n<p>De los rectores convocados por la ANUIES, siete de ellos presentaron alguno de los temas universitarios de mayor prioridad. Al analizar el de cobertura con equidad, la Rectora de la UV no s\u00f3lo se refiri\u00f3 a la necesidad de incrementar la cobertura de la educaci\u00f3n superior en nuestro pa\u00eds y alcanzar la tasa propuesta por el Gobierno Federal. El \u00e9nfasis lo puso en el concepto de equidad y las grandes diferencias que existen entre las posibilidades de ingresar a la universidad para unos y otros sectores.<\/p>\n<p>Este se\u00f1alamiento de Ladr\u00f3n de Guevara fue retomado por el rector de la UNAM, Jos\u00e9 Narro, cuando cerr\u00f3 la ronda de intervenciones de los rectores. El directivo unamita incluso retom\u00f3 la preocupaci\u00f3n adicional que significa el estado que guarda el porcentaje de j\u00f3venes ind\u00edgenas con acceso a la educaci\u00f3n superior.<\/p>\n<p>Los rectores encargados de plantear la agenda fundamental de la educaci\u00f3n superior del pa\u00eds ante Nu\u00f1o Mayer fueron: Sara Ladr\u00f3n de Guevara (UV), Manuel Ferm\u00edn Villar (UASLP), Augusto Veras Godoy (UAEH), Ram\u00f3n de la Pe\u00f1a Manrique (CEU de Monterrey), Tonatiuh Bravo Padilla (UdeG), Jos\u00e9 Manuel Cabrera (U. de Guanajuato) y Jos\u00e9 Narro Robles (UNAM).<\/p>\n","protected":false},"excerpt":{"rendered":"<p>La rectora de la Universidad Veracruzana (UV), Sara Ladr\u00f3n de Guevara, form\u00f3 parte del grupo de rectores que se reuni\u00f3 el 9 de septiembre con el secretario de Educaci\u00f3n, Aurelio Nu\u00f1o Mayer, para iniciar un proceso de acercamiento que devendr\u00eda en el establecimiento de una agenda nacional en materia de educaci\u00f3n superior.<\/p>\n\r\n<div class=\"seriesmeta\">Contenido 1 de 48 del n\u00famero <a href=\"https:\/\/www.uv.mx\/universo\/numero\/611\/\" class=\"series-363\" title=\"611\">611<\/a><\/div>","protected":false},"author":1664,"featured_media":10517,"comment_status":"closed","ping_status":"closed","sticky":false,"template":"","format":"standard","meta":[],"categories":[278,1],"tags":[],"series":[363],"_links":{"self":[{"href":"https:\/\/www.uv.mx\/universo\/wp-json\/wp\/v2\/posts\/9564"}],"collection":[{"href":"https:\/\/www.uv.mx\/universo\/wp-json\/wp\/v2\/posts"}],"about":[{"href":"https:\/\/www.uv.mx\/universo\/wp-json\/wp\/v2\/types\/post"}],"author":[{"embeddable":true,"href":"https:\/\/www.uv.mx\/universo\/wp-json\/wp\/v2\/users\/1664"}],"replies":[{"embeddable":true,"href":"https:\/\/www.uv.mx\/universo\/wp-json\/wp\/v2\/comments?post=9564"}],"version-history":[{"count":0,"href":"https:\/\/www.uv.mx\/universo\/wp-json\/wp\/v2\/posts\/9564\/revisions"}],"wp:featuredmedia":[{"embeddable":true,"href":"https:\/\/www.uv.mx\/universo\/wp-json\/wp\/v2\/media\/10517"}],"wp:attachment":[{"href":"https:\/\/www.uv.mx\/universo\/wp-json\/wp\/v2\/media?parent=9564"}],"wp:term":[{"taxonomy":"category","embeddable":true,"href":"https:\/\/www.uv.mx\/universo\/wp-json\/wp\/v2\/categories?post=9564"},{"taxonomy":"post_tag","embeddable":true,"href":"https:\/\/www.uv.mx\/universo\/wp-json\/wp\/v2\/tags?post=9564"},{"taxonomy":"series","embeddable":true,"href":"https:\/\/www.uv.mx\/universo\/wp-json\/wp\/v2\/series?post=9564"}],"curies":[{"name":"wp","href":"https:\/\/api.w.org\/{rel}","templated":true}]}}