{"id":9717,"date":"2015-09-14T07:59:26","date_gmt":"2015-09-14T12:59:26","guid":{"rendered":"https:\/\/www.uv.mx\/universo\/?p=9717"},"modified":"2015-10-26T20:06:45","modified_gmt":"2015-10-27T02:06:45","slug":"ideologias-afectan-eficacia-de-los-derechos-scjn","status":"publish","type":"post","link":"https:\/\/www.uv.mx\/universo\/regiones\/ideologias-afectan-eficacia-de-los-derechos-scjn\/","title":{"rendered":"Ideolog\u00edas afectan eficacia de los derechos: SCJN"},"content":{"rendered":"<div class=\"seriesmeta noshow\">Contenido 34 de 48 del n\u00famero <a href=\"https:\/\/www.uv.mx\/universo\/numero\/611\/\" class=\"series-363\" title=\"611\">611<\/a><\/div>\r\n<p><span style=\"font-size: 10pt\"><strong><span class=\"Autor\">Francisco Javier Cha\u00edn Revuelta<\/span><\/strong><\/span><\/p>\n<div id=\"attachment_9703\" style=\"width: 310px\" class=\"wp-caption alignright\"><a href=\"https:\/\/www.uv.mx\/universo\/files\/2015\/09\/611-REG-007.jpg\"><img aria-describedby=\"caption-attachment-9703\" decoding=\"async\" loading=\"lazy\" class=\"size-medium wp-image-9703\" src=\"https:\/\/www.uv.mx\/universo\/files\/2015\/09\/611-REG-007-300x220.jpg\" alt=\"Jos\u00e9 Ram\u00f3n Coss\u00edo D\u00edaz\" width=\"300\" height=\"220\" \/><\/a><p id=\"caption-attachment-9703\" class=\"wp-caption-text\">Jos\u00e9 Ram\u00f3n Coss\u00edo D\u00edaz<\/p><\/div>\n<p><strong>Veracruz \u2022 Boca del R\u00edo.-\u00a0<\/strong>Jos\u00e9 Ram\u00f3n Coss\u00edo D\u00edaz, ministro de la Suprema Corte de Justicia de la Naci\u00f3n (SCJN), afirm\u00f3 que la falta de eficacia de los derechos econ\u00f3micos, sociales y culturales (DESC) no est\u00e1 en los elementos que conforman el orden jur\u00eddico, sino en elementos ideol\u00f3gicos.<\/p>\n<p>Al participar en el 3er. Coloquio Internacional Estudios Institucionales: \u201cHacia la efectividad de los DESC en el Estado constitucional\u201d, destac\u00f3 que la ideolog\u00eda jur\u00eddica, por un lado, y la ideolog\u00eda judicial, por el otro, impregnan el comportamiento de juzgadores, acad\u00e9micos y litigantes, quienes se inhiben para generar, a trav\u00e9s de los procedimientos existentes, el potencial normativo que tienen tales derechos.<\/p>\n<p>En su ponencia \u201cPol\u00edticas p\u00fablicas, exigibilidad y justiciabilidad de los derechos sociales\u201d, apreci\u00f3 que la falta de eficacia de los mismos tiene que ver m\u00e1s con elementos ideol\u00f3gicos de la Judicatura en particular y con la profesi\u00f3n en general, y menos con la normatividad y los procedimientos, pues se tiene una representaci\u00f3n de lo que es el derecho y de lo que podemos hacer en t\u00e9rminos pol\u00edticos, en el sentido amplio de la palabra, que inhibe el ejercicio y realizaci\u00f3n de los derechos.<\/p>\n<p>Afirm\u00f3 que las mejoras al marco jur\u00eddico se resolvieron el 10 de junio de 2011, cuando se modific\u00f3 el art\u00edculo 1 de la Constituci\u00f3n que dice, en la interpretaci\u00f3n de la SCJN, que en este pa\u00eds se protegen todos los derechos de fuente nacional y los derechos humanos tambi\u00e9n de fuente internacional, buscando la interpretaci\u00f3n m\u00e1s favorable para el desarrollo del principio pro persona.<\/p>\n<p>Se\u00f1al\u00f3 que M\u00e9xico ha firmado todos los tratados internacionales, por lo que pr\u00e1cticamente se cubre una gran masa de derechos. El que se cumplan \u2013dijo\u2013, eso ya es otra cosa.<\/p>\n<p>El ministro se\u00f1al\u00f3 que los procedimientos para hacer exigibles estos derechos se modificaron el 6 de junio de 2011 de una forma incre\u00edblemente amplia con las reformas a los art\u00edculos 103 y 107 de la Carta Magna, donde el modelo can\u00f3nico del juicio de amparo se transforma considerablemente, y con ello la puerta de entrada por el inter\u00e9s se hace m\u00e1s amplia, m\u00e1s personas pueden concurrir, se tiene la posibilidad de efectos generales, se disminuyen las causales de improcedencia y sobreseimiento, tambi\u00e9n se \u201caprieta\u201d la condici\u00f3n del tr\u00e1mite.<\/p>\n<p>Para el caso, Coss\u00edo D\u00edaz detall\u00f3 el expediente \u201cVarios\u201d, referido a la desaparici\u00f3n de Rosendo Radilla Pacheco, donde la Corte Interamericana condena, por primera vez, al Poder Judicial de la Federaci\u00f3n, present\u00e1ndose el problema de internalizar la sentencia al orden jur\u00eddico. Un aspecto muy importante de esta sentencia fue que adem\u00e1s de la constitucionalidad, la Corte Interamericana marc\u00f3 que la obligaci\u00f3n es tambi\u00e9n por la convencionalidad.<\/p>\n<p>El ministro expres\u00f3 que no podemos decir que el problema de la eficacia de los DESC sea sustantivo, debido a que tenemos derecho de fuentes constitucional y convencional, y que sea procedimental porque hoy el amparo es un poderoso medio de defensa de los derechos.<\/p>\n","protected":false},"excerpt":{"rendered":"<p>Jos\u00e9 Ram\u00f3n Coss\u00edo D\u00edaz, ministro de la Suprema Corte de Justicia de la Naci\u00f3n (SCJN), afirm\u00f3 que la falta de eficacia de los derechos econ\u00f3micos, sociales y culturales (DESC) no est\u00e1 en los elementos que conforman el orden jur\u00eddico, sino en elementos ideol\u00f3gicos.<\/p>\n\r\n<div class=\"seriesmeta\">Contenido 34 de 48 del n\u00famero <a href=\"https:\/\/www.uv.mx\/universo\/numero\/611\/\" class=\"series-363\" title=\"611\">611<\/a><\/div>","protected":false},"author":1668,"featured_media":0,"comment_status":"closed","ping_status":"closed","sticky":false,"template":"","format":"standard","meta":[],"categories":[360],"tags":[],"series":[363],"_links":{"self":[{"href":"https:\/\/www.uv.mx\/universo\/wp-json\/wp\/v2\/posts\/9717"}],"collection":[{"href":"https:\/\/www.uv.mx\/universo\/wp-json\/wp\/v2\/posts"}],"about":[{"href":"https:\/\/www.uv.mx\/universo\/wp-json\/wp\/v2\/types\/post"}],"author":[{"embeddable":true,"href":"https:\/\/www.uv.mx\/universo\/wp-json\/wp\/v2\/users\/1668"}],"replies":[{"embeddable":true,"href":"https:\/\/www.uv.mx\/universo\/wp-json\/wp\/v2\/comments?post=9717"}],"version-history":[{"count":0,"href":"https:\/\/www.uv.mx\/universo\/wp-json\/wp\/v2\/posts\/9717\/revisions"}],"wp:attachment":[{"href":"https:\/\/www.uv.mx\/universo\/wp-json\/wp\/v2\/media?parent=9717"}],"wp:term":[{"taxonomy":"category","embeddable":true,"href":"https:\/\/www.uv.mx\/universo\/wp-json\/wp\/v2\/categories?post=9717"},{"taxonomy":"post_tag","embeddable":true,"href":"https:\/\/www.uv.mx\/universo\/wp-json\/wp\/v2\/tags?post=9717"},{"taxonomy":"series","embeddable":true,"href":"https:\/\/www.uv.mx\/universo\/wp-json\/wp\/v2\/series?post=9717"}],"curies":[{"name":"wp","href":"https:\/\/api.w.org\/{rel}","templated":true}]}}