{"id":9723,"date":"2015-09-14T07:59:29","date_gmt":"2015-09-14T12:59:29","guid":{"rendered":"https:\/\/www.uv.mx\/universo\/?p=9723"},"modified":"2015-10-26T20:06:45","modified_gmt":"2015-10-27T02:06:45","slug":"region-veracruz-ofrece-diplomados-en-redaccion-e-historia-de-mexico","status":"publish","type":"post","link":"https:\/\/www.uv.mx\/universo\/regiones\/region-veracruz-ofrece-diplomados-en-redaccion-e-historia-de-mexico\/","title":{"rendered":"Regi\u00f3n Veracruz ofrece diplomados en redacci\u00f3n e historia de M\u00e9xico"},"content":{"rendered":"<div class=\"seriesmeta noshow\">Contenido 31 de 48 del n\u00famero <a href=\"https:\/\/www.uv.mx\/universo\/numero\/611\/\" class=\"series-363\" title=\"611\">611<\/a><\/div>\r\n<p><span style=\"font-size: 10pt\"><strong><span class=\"Autor\">Claudia Peralta V\u00e1zquez<\/span><\/strong><\/span><\/p>\n<div id=\"attachment_9699\" style=\"width: 310px\" class=\"wp-caption alignright\"><a href=\"https:\/\/www.uv.mx\/universo\/files\/2015\/09\/611-REG-003.jpg\"><img aria-describedby=\"caption-attachment-9699\" decoding=\"async\" loading=\"lazy\" class=\"size-medium wp-image-9699\" src=\"https:\/\/www.uv.mx\/universo\/files\/2015\/09\/611-REG-003-300x200.jpg\" alt=\"Carolina Cruz con las instructoras\" width=\"300\" height=\"200\" \/><\/a><p id=\"caption-attachment-9699\" class=\"wp-caption-text\">Carolina Cruz con las instructoras<\/p><\/div>\n<p>La Coordinaci\u00f3n de Educaci\u00f3n Continua de la Vicerrector\u00eda Veracruz convoca a estudiantes, egresados e interesados, a cursar los diplomados Redacci\u00f3n de la Lengua Espa\u00f1ola y M\u00e9xico Posible (La construcci\u00f3n de M\u00e9xico: la Colonia, la Independencia, la Revoluci\u00f3n y el siglo XXI).<\/p>\n<p>Carolina Cruz Morales, coordinadora de Educaci\u00f3n Continua, detall\u00f3 que ambos cursos se abrir\u00e1n simult\u00e1neamente en las cinco regiones de la Universidad, a trav\u00e9s del sistema de videoconferencias interactivas.<\/p>\n<p>El primero de ellos inicia el 1 de octubre y est\u00e1 dirigido a maestros de nivel b\u00e1sico y medio superior de la Secretar\u00eda de Educaci\u00f3n de Veracruz (SEV), y todo el p\u00fablico interesado en la redacci\u00f3n de la lengua espa\u00f1ola, en adquirir y dominar la normativa ortogr\u00e1fica y gramatical, conocer los diferentes tipos de textos para as\u00ed elaborarlos, tener una redacci\u00f3n clara, fluida, precisa y dominar la sintaxis. Asimismo, habr\u00e1 varios talleres sobre elaboraci\u00f3n de ensayo, cuento, textos acad\u00e9micos y period\u00edsticos.<\/p>\n<p>Cruz Morales inform\u00f3 que los instructores son profesores de la Facultad de Letras y del Instituto de Investigaciones Ling\u00fc\u00edstico-Literarias, as\u00ed como maestros de la asignatura de Lectura y Redacci\u00f3n.<\/p>\n<p>Consta de 10 m\u00f3dulos cuyos temas son: saber leer: el proceso de hacerse lector; narrativa ortogr\u00e1fica; estructura gramatical; vicios del lenguaje; el proceso de la escritura; modalidades del discurso; producci\u00f3n de textos acad\u00e9micos y period\u00edsticos; taller de cuento y de ensayo.<\/p>\n<p>Olivia Fregoso Vilorio, instructora del curso, resalt\u00f3 que es importante concienciar a la poblaci\u00f3n en general, sobre todo a estudiantes, acerca del h\u00e1bito de la lectura. Resalt\u00f3 que es una responsabilidad totalmente compartida, \u201cno debemos echarle la culpa a los maestros, sino tambi\u00e9n a los padres de familia\u201d.<\/p>\n<p>En la actualidad quien no lee es porque no le llega la literatura o porque los libros tienen un alto costo. Por esta raz\u00f3n, deben buscarse estrategias y lograr inculcar el gusto y placer por la lectura para irlos encauzando.<\/p>\n<p>Otra propuesta es implementar c\u00edrculos de lectura en las facultades de la UV. Alma Luc\u00eda Rojas Castro, coordinadora en la regi\u00f3n Xalapa del Diplomado en Historia \u201cM\u00e9xico Posible\u201d, inform\u00f3 que \u00e9ste inicia el 29 de septiembre y se desarrolla en coordinaci\u00f3n con la Universidad Aut\u00f3noma Metropolitana; tiene valor curricular y duraci\u00f3n de 168 horas.<\/p>\n<p>\u201cEs una revisi\u00f3n hist\u00f3rica, anal\u00edtica, con un enfoque cr\u00edtico de la fundaci\u00f3n de nuestro pa\u00eds desde la Colonia hasta el siglo XXI; la agenda pendiente en aspectos pol\u00edticos, econ\u00f3micos y financieros.\u201d Coment\u00f3 que esta segunda emisi\u00f3n del curso est\u00e1 dirigida tanto a estudiantes de Historia, alumnos de cualquier carrera de la UV e historiadores que deseen actualizarse en cuanto al debate historiogr\u00e1fico actual de nuestro pa\u00eds.<\/p>\n<p>\u201cEn 10 m\u00f3dulos, los participantes estudiar\u00e1n el fin del virreinato; Independencia, el arduo inicio de M\u00e9xico; M\u00e9xico Rep\u00fablica \u00bfindependiente?; siglo XIX, la construcci\u00f3n de un Estado-naci\u00f3n; el Porfiriato \u00bfla primera modernizaci\u00f3n?<\/p>\n<p>Adem\u00e1s, Revoluci\u00f3n, la lucha armada; la Revoluci\u00f3n institucionalizada; arte y literatura en la Revoluci\u00f3n; el milagro mexicano. La primera crisis y el fin del milagro; siglo XXI, M\u00e9xico posible. Los interesados en cursarlos podr\u00e1n obtener mayores informes en el correo: infocursos.eventos@gmail.com<\/p>\n","protected":false},"excerpt":{"rendered":"<p>La Coordinaci\u00f3n de Educaci\u00f3n Continua de la Vicerrector\u00eda Veracruz convoca a estudiantes, egresados e interesados, a cursar los diplomados Redacci\u00f3n de la Lengua Espa\u00f1ola y M\u00e9xico Posible (La construcci\u00f3n de M\u00e9xico: la Colonia, la Independencia, la Revoluci\u00f3n y el siglo XXI).<\/p>\n\r\n<div class=\"seriesmeta\">Contenido 31 de 48 del n\u00famero <a href=\"https:\/\/www.uv.mx\/universo\/numero\/611\/\" class=\"series-363\" title=\"611\">611<\/a><\/div>","protected":false},"author":1668,"featured_media":0,"comment_status":"closed","ping_status":"closed","sticky":false,"template":"","format":"standard","meta":[],"categories":[360],"tags":[],"series":[363],"_links":{"self":[{"href":"https:\/\/www.uv.mx\/universo\/wp-json\/wp\/v2\/posts\/9723"}],"collection":[{"href":"https:\/\/www.uv.mx\/universo\/wp-json\/wp\/v2\/posts"}],"about":[{"href":"https:\/\/www.uv.mx\/universo\/wp-json\/wp\/v2\/types\/post"}],"author":[{"embeddable":true,"href":"https:\/\/www.uv.mx\/universo\/wp-json\/wp\/v2\/users\/1668"}],"replies":[{"embeddable":true,"href":"https:\/\/www.uv.mx\/universo\/wp-json\/wp\/v2\/comments?post=9723"}],"version-history":[{"count":0,"href":"https:\/\/www.uv.mx\/universo\/wp-json\/wp\/v2\/posts\/9723\/revisions"}],"wp:attachment":[{"href":"https:\/\/www.uv.mx\/universo\/wp-json\/wp\/v2\/media?parent=9723"}],"wp:term":[{"taxonomy":"category","embeddable":true,"href":"https:\/\/www.uv.mx\/universo\/wp-json\/wp\/v2\/categories?post=9723"},{"taxonomy":"post_tag","embeddable":true,"href":"https:\/\/www.uv.mx\/universo\/wp-json\/wp\/v2\/tags?post=9723"},{"taxonomy":"series","embeddable":true,"href":"https:\/\/www.uv.mx\/universo\/wp-json\/wp\/v2\/series?post=9723"}],"curies":[{"name":"wp","href":"https:\/\/api.w.org\/{rel}","templated":true}]}}