{"id":9725,"date":"2015-09-14T07:59:30","date_gmt":"2015-09-14T12:59:30","guid":{"rendered":"https:\/\/www.uv.mx\/universo\/?p=9725"},"modified":"2015-10-26T20:06:45","modified_gmt":"2015-10-27T02:06:45","slug":"dos-acreditaciones-mas-ambas-para-arquitectura","status":"publish","type":"post","link":"https:\/\/www.uv.mx\/universo\/regiones\/dos-acreditaciones-mas-ambas-para-arquitectura\/","title":{"rendered":"Dos acreditaciones m\u00e1s, ambas para Arquitectura"},"content":{"rendered":"<div class=\"seriesmeta noshow\">Contenido 30 de 48 del n\u00famero <a href=\"https:\/\/www.uv.mx\/universo\/numero\/611\/\" class=\"series-363\" title=\"611\">611<\/a><\/div>\r\n<p class=\"Resumen\"><em>Copaes y Federaci\u00f3n de Colegios de Arquitectos elogiaron el papel de la UV<\/em><\/p>\n<p class=\"Autor\"><span style=\"font-size: 10pt\"><strong>Edgar Onofre<a href=\"https:\/\/www.uv.mx\/universo\/files\/2015\/09\/611-REG-004.jpg\"><img decoding=\"async\" loading=\"lazy\" class=\"alignright size-medium wp-image-9700\" src=\"https:\/\/www.uv.mx\/universo\/files\/2015\/09\/611-REG-004-300x200.jpg\" alt=\"611-REG-004\" width=\"300\" height=\"200\" \/><\/a><\/strong><\/span><\/p>\n<p>La Universidad Veracruzana (UV) recibi\u00f3 el 4 de septiembre dos nuevas acreditaciones de calidad de sus programas educativos. Los programas de Arquitectura de las regiones Orizaba-C\u00f3rdoba y Poza Rica-Tuxpan recibieron este reconocimiento por parte de la Acreditadora Nacional de Programas de Arquitectura y Disciplinas del Espacio Habitable, A.C. (ANPADEH), en las hist\u00f3ricas instalaciones de la Academia San Carlos, que alberga a la Facultad de Artes y Dise\u00f1o de la Universidad Nacional Aut\u00f3noma de M\u00e9xico (UNAM), en el centro de la Ciudad de M\u00e9xico.<\/p>\n<p>Ah\u00ed, las directoras de ambas facultades, Mar\u00eda del Carmen Sosa Aguiluz (C\u00f3rdoba) y Mar\u00eda Abel Ram\u00edrez Nieto (Poza Rica), recibieron la constancia de acreditaci\u00f3n junto con la rectora, Sara Ladr\u00f3n de Guevara; el director general del \u00c1rea Acad\u00e9mica T\u00e9cnica, Rafael D\u00edaz Sobac, y los vicerrectores de la regi\u00f3n universitaria a la cual pertenecen los programas acreditados: Beatriz Rodr\u00edguez Villafuerte, de Orizaba-C\u00f3rdoba, y Jos\u00e9 Luis Alan\u00eds M\u00e9ndez, de Poza Rica-Tuxpan.<\/p>\n<p>Al acto concurrieron representantes de programas educativos de la especialidad de universidades p\u00fablicas y privadas. Sin embargo, dos de los principales oradores se refirieron a la UV en sus mensajes: La presidenta de la Federaci\u00f3n de Colegios de Arquitectos de la Rep\u00fablica Mexicana, A.C. (FCARM), Isabel del Carmen Espinosa, salud\u00f3 en su intervenci\u00f3n a su alma m\u00e1ter y destac\u00f3 el papel referencial que los programas de arquitectura de esta casa de estudios han desarrollado y mantenido en el \u00e1mbito nacional, tanto en el pasado como en el presente.<\/p>\n<p>Por su parte, el director T\u00e9cnico del Consejo para la Acreditaci\u00f3n de la Educaci\u00f3n Superior, A.C. (Copaes), Juan Carlos del Castillo V\u00e1zquez, se refiri\u00f3 en t\u00e9rminos elogiosos a los esfuerzos que en materia de evaluaci\u00f3n para la acreditaci\u00f3n se realizan en la m\u00e1xima casa de estudios de Veracruz.<\/p>\n<p>En su mensaje, destac\u00f3 que en la UV se ha gestado un modelo piloto para la evaluaci\u00f3n que podr\u00eda estar sentando las bases para lo que llam\u00f3 \u201cla segunda generaci\u00f3n de indicadores\u201d.<\/p>\n<p>De entre quienes conformaron el pres\u00eddium para esta ceremonia, el presidente del Consejo Directivo de la Asociaci\u00f3n de Instituciones de Ense\u00f1anza de la Arquitectura de la Rep\u00fablica Mexicana, A.C. (ASINEA), Anuar Kasis Ariceaga, y el presidente de ANPADEH, David Cabrera Ruiz, insistieron en la necesidad de fortalecer la evaluaci\u00f3n y la acreditaci\u00f3n de la educaci\u00f3n superior y ofrecer a los j\u00f3venes universitarios la mejor formaci\u00f3n posible para garantizar a la sociedad el m\u00e1s alto nivel de calidad de sus profesionales.<\/p>\n","protected":false},"excerpt":{"rendered":"<p>La Universidad Veracruzana (UV) recibi\u00f3 el 4 de septiembre dos nuevas acreditaciones de calidad de sus programas educativos. Los programas de Arquitectura de las regiones Orizaba-C\u00f3rdoba y Poza Rica-Tuxpan recibieron este reconocimiento por parte de la Acreditadora Nacional de Programas de Arquitectura y Disciplinas del Espacio Habitable, A.C. (ANPADEH), en las hist\u00f3ricas instalaciones de la Academia San Carlos, que alberga a la Facultad de Artes y Dise\u00f1o de la Universidad Nacional Aut\u00f3noma de M\u00e9xico (UNAM), en el centro de la Ciudad de M\u00e9xico.<\/p>\n\r\n<div class=\"seriesmeta\">Contenido 30 de 48 del n\u00famero <a href=\"https:\/\/www.uv.mx\/universo\/numero\/611\/\" class=\"series-363\" title=\"611\">611<\/a><\/div>","protected":false},"author":1668,"featured_media":0,"comment_status":"closed","ping_status":"closed","sticky":false,"template":"","format":"standard","meta":[],"categories":[360],"tags":[],"series":[363],"_links":{"self":[{"href":"https:\/\/www.uv.mx\/universo\/wp-json\/wp\/v2\/posts\/9725"}],"collection":[{"href":"https:\/\/www.uv.mx\/universo\/wp-json\/wp\/v2\/posts"}],"about":[{"href":"https:\/\/www.uv.mx\/universo\/wp-json\/wp\/v2\/types\/post"}],"author":[{"embeddable":true,"href":"https:\/\/www.uv.mx\/universo\/wp-json\/wp\/v2\/users\/1668"}],"replies":[{"embeddable":true,"href":"https:\/\/www.uv.mx\/universo\/wp-json\/wp\/v2\/comments?post=9725"}],"version-history":[{"count":0,"href":"https:\/\/www.uv.mx\/universo\/wp-json\/wp\/v2\/posts\/9725\/revisions"}],"wp:attachment":[{"href":"https:\/\/www.uv.mx\/universo\/wp-json\/wp\/v2\/media?parent=9725"}],"wp:term":[{"taxonomy":"category","embeddable":true,"href":"https:\/\/www.uv.mx\/universo\/wp-json\/wp\/v2\/categories?post=9725"},{"taxonomy":"post_tag","embeddable":true,"href":"https:\/\/www.uv.mx\/universo\/wp-json\/wp\/v2\/tags?post=9725"},{"taxonomy":"series","embeddable":true,"href":"https:\/\/www.uv.mx\/universo\/wp-json\/wp\/v2\/series?post=9725"}],"curies":[{"name":"wp","href":"https:\/\/api.w.org\/{rel}","templated":true}]}}