{"id":9738,"date":"2015-09-28T07:59:15","date_gmt":"2015-09-28T12:59:15","guid":{"rendered":"https:\/\/www.uv.mx\/universo\/?p=9738"},"modified":"2015-10-26T19:07:09","modified_gmt":"2015-10-27T01:07:09","slug":"federacion-mexicana-reconocio-a-la-seleccion-de-gimnasia","status":"publish","type":"post","link":"https:\/\/www.uv.mx\/universo\/deportes\/federacion-mexicana-reconocio-a-la-seleccion-de-gimnasia\/","title":{"rendered":"Federaci\u00f3n Mexicana reconoci\u00f3 a la Selecci\u00f3n de Gimnasia"},"content":{"rendered":"<div class=\"seriesmeta noshow\">Contenido 46 de 46 del n\u00famero <a href=\"https:\/\/www.uv.mx\/universo\/numero\/612\/\" class=\"series-364\" title=\"612\">612<\/a><\/div>\r\n<p><em><span class=\"Resumen\">Rom\u00e1n Gonz\u00e1lez Aburto, entrenador de Halcones, fue nombrado t\u00e9cnico nacional<\/span><\/em><\/p>\n<div id=\"attachment_9742\" style=\"width: 210px\" class=\"wp-caption alignright\"><a href=\"https:\/\/www.uv.mx\/universo\/files\/2015\/09\/612-dep-004.jpg\"><img aria-describedby=\"caption-attachment-9742\" decoding=\"async\" loading=\"lazy\" class=\"size-medium wp-image-9742\" src=\"https:\/\/www.uv.mx\/universo\/files\/2015\/09\/612-dep-004-200x300.jpg\" alt=\"Han destacado en eventos nacionales e internacionales\" width=\"200\" height=\"300\" srcset=\"https:\/\/www.uv.mx\/universo\/files\/2015\/09\/612-dep-004-200x300.jpg 200w, https:\/\/www.uv.mx\/universo\/files\/2015\/09\/612-dep-004.jpg 300w\" sizes=\"(max-width: 200px) 100vw, 200px\" \/><\/a><p id=\"caption-attachment-9742\" class=\"wp-caption-text\">Han destacado en eventos nacionales e internacionales<\/p><\/div>\n<p><span style=\"font-size: 10pt\"><strong><span class=\"Autor\">Santiago Morales Ortiz<\/span><\/strong><\/span><\/p>\n<p>Gracias a la brillante actuaci\u00f3n de la Selecci\u00f3n de Gimnasia Aer\u00f3bica de la Universidad Veracruzana (UV) en justas nacionales e internacionales, la Federaci\u00f3n Mexicana de la especialidad le otorg\u00f3 el reconocimiento especial de \u201cGimnastas de Clase Mundial\u201d.<\/p>\n<p>Durante el Congreso T\u00e9cnico de la Federaci\u00f3n Mexicana de Gimnasia Aer\u00f3bica, celebrado en la capital del pa\u00eds, fue entregado un \u201cpin\u201d especial a los integrantes del equipo de Gimnasia Aer\u00f3bica de la UV.<\/p>\n<p>El elemento conmemorativo es un reconocimiento al trabajo y resultados obtenidos por los Halcones, quienes tuvieron una destacada participaci\u00f3n en la Universiada Nacional Nuevo Le\u00f3n 2015, donde subieron al podio en diferentes modalidades y se colocaron como el club m\u00e1s destacado del pa\u00eds.<\/p>\n<p>Los Halcones de aerobics han tenido \u00e9xito en diferentes partes del pa\u00eds, incluso del mundo, donde han puesto en alto el nombre de la UV, Veracruz y M\u00e9xico, al ubicarse entre los primeros sitios.<\/p>\n<p>Todo esto incidi\u00f3 para que el m\u00e1ximo organismo de la disciplina en el pa\u00eds entregara la merecida distinci\u00f3n.<\/p>\n<p>La Selecci\u00f3n de Gimnasia Aer\u00f3bica de la UV, encabezada por el entrenador Rom\u00e1n Gonz\u00e1lez Aburto, la integran: Jes\u00fas Oswaldo Conde Rivas, Luis Fernando Morales G\u00f3mez, Paulino Josafat Medina Dom\u00ednguez, Claudia Jazm\u00edn Gonz\u00e1lez Cruz, Adriana Morales Ju\u00e1rez y Arturo Hern\u00e1ndez Mir\u00f3n. De igual forma, la Federaci\u00f3n Mexicana de Gimnasia Aer\u00f3bica, que preside Gustavo Salazar, nombr\u00f3 como t\u00e9cnico nacional a Rom\u00e1n Gonz\u00e1lez Aburto.<\/p>\n","protected":false},"excerpt":{"rendered":"<p>Rom\u00e1n Gonz\u00e1lez Aburto, entrenador de Halcones, fue nombrado t\u00e9cnico nacional Santiago Morales Ortiz Gracias a la brillante actuaci\u00f3n de la Selecci\u00f3n de Gimnasia Aer\u00f3bica de la Universidad Veracruzana (UV) en justas nacionales e internacionales, la Federaci\u00f3n Mexicana de la especialidad le otorg\u00f3 el reconocimiento especial de \u201cGimnastas de Clase Mundial\u201d. Durante el Congreso T\u00e9cnico de [&hellip;]<\/p>\n\r\n<div class=\"seriesmeta\">Contenido 46 de 46 del n\u00famero <a href=\"https:\/\/www.uv.mx\/universo\/numero\/612\/\" class=\"series-364\" title=\"612\">612<\/a><\/div>","protected":false},"author":1668,"featured_media":9742,"comment_status":"closed","ping_status":"closed","sticky":false,"template":"","format":"standard","meta":[],"categories":[7],"tags":[],"series":[364],"_links":{"self":[{"href":"https:\/\/www.uv.mx\/universo\/wp-json\/wp\/v2\/posts\/9738"}],"collection":[{"href":"https:\/\/www.uv.mx\/universo\/wp-json\/wp\/v2\/posts"}],"about":[{"href":"https:\/\/www.uv.mx\/universo\/wp-json\/wp\/v2\/types\/post"}],"author":[{"embeddable":true,"href":"https:\/\/www.uv.mx\/universo\/wp-json\/wp\/v2\/users\/1668"}],"replies":[{"embeddable":true,"href":"https:\/\/www.uv.mx\/universo\/wp-json\/wp\/v2\/comments?post=9738"}],"version-history":[{"count":0,"href":"https:\/\/www.uv.mx\/universo\/wp-json\/wp\/v2\/posts\/9738\/revisions"}],"wp:featuredmedia":[{"embeddable":true,"href":"https:\/\/www.uv.mx\/universo\/wp-json\/wp\/v2\/media\/9742"}],"wp:attachment":[{"href":"https:\/\/www.uv.mx\/universo\/wp-json\/wp\/v2\/media?parent=9738"}],"wp:term":[{"taxonomy":"category","embeddable":true,"href":"https:\/\/www.uv.mx\/universo\/wp-json\/wp\/v2\/categories?post=9738"},{"taxonomy":"post_tag","embeddable":true,"href":"https:\/\/www.uv.mx\/universo\/wp-json\/wp\/v2\/tags?post=9738"},{"taxonomy":"series","embeddable":true,"href":"https:\/\/www.uv.mx\/universo\/wp-json\/wp\/v2\/series?post=9738"}],"curies":[{"name":"wp","href":"https:\/\/api.w.org\/{rel}","templated":true}]}}