{"id":9871,"date":"2015-09-28T07:59:52","date_gmt":"2015-09-28T12:59:52","guid":{"rendered":"https:\/\/www.uv.mx\/universo\/?p=9871"},"modified":"2015-10-26T19:05:52","modified_gmt":"2015-10-27T01:05:52","slug":"jovenes-enfrentan-marginacion-social","status":"publish","type":"post","link":"https:\/\/www.uv.mx\/universo\/general\/jovenes-enfrentan-marginacion-social\/","title":{"rendered":"J\u00f3venes enfrentan marginaci\u00f3n social\u00a0"},"content":{"rendered":"<div class=\"seriesmeta noshow\">Contenido 9 de 46 del n\u00famero <a href=\"https:\/\/www.uv.mx\/universo\/numero\/612\/\" class=\"series-364\" title=\"612\">612<\/a><\/div>\r\n<div id=\"attachment_9837\" style=\"width: 310px\" class=\"wp-caption alignright\"><a href=\"https:\/\/www.uv.mx\/universo\/files\/2015\/10\/Universo-612_Temis_007.jpg\"><img aria-describedby=\"caption-attachment-9837\" decoding=\"async\" loading=\"lazy\" class=\"size-medium wp-image-9837\" src=\"https:\/\/www.uv.mx\/universo\/files\/2015\/10\/Universo-612_Temis_007-300x200.jpg\" alt=\"Gabriel Medina Carrasco\" width=\"300\" height=\"200\" srcset=\"https:\/\/www.uv.mx\/universo\/files\/2015\/10\/Universo-612_Temis_007-300x200.jpg 300w, https:\/\/www.uv.mx\/universo\/files\/2015\/10\/Universo-612_Temis_007.jpg 722w\" sizes=\"(max-width: 300px) 100vw, 300px\" \/><\/a><p id=\"caption-attachment-9837\" class=\"wp-caption-text\">Gabriel Medina Carrasco<\/p><\/div>\n<p><span style=\"font-size: 8pt\"><strong>Claudia Peralta V\u00e1zquez<\/strong><\/span><\/p>\n<p>El Encuentro de Egresados de Universidades Interculturales de M\u00e9xico 2015, del cual fue sede la Universidad Veracruzana, contribuye y retroalimenta las acciones que las instituciones de educaci\u00f3n superior interculturales han desarrollado, sobre todo en la formaci\u00f3n de los j\u00f3venes que actualmente aplican sus conocimientos en beneficio de las comunidades a las que pertenecen y de la sociedad en general.<\/p>\n<p>As\u00ed lo expres\u00f3 Rebeca Hern\u00e1ndez Ar\u00e1mburo, directora general de Vinculaci\u00f3n, en representaci\u00f3n de la rectora Sara Ladr\u00f3n de Guevara, durante la inauguraci\u00f3n de actividades el mi\u00e9rcoles 23 de septiembre.<\/p>\n<p>En tanto Shantal Meseguer Galv\u00e1n, directora de la Universidad Veracruzana Intercultural (UVI), dio la bienvenida a los egresados, procedentes de diversas instituciones interculturales de entidades como Puebla, Quintana Roo, San Luis Potos\u00ed, M\u00e9xico, Tabasco y Michoac\u00e1n, as\u00ed como de las cuatro sedes de la UVI (Huasteca, Totonacapan, Grandes Monta\u00f1as y Las Selvas).<\/p>\n<p>En el marco del mismo, Gabriel Medina Carrasco, investigador de la Universidad Nacional Aut\u00f3noma de M\u00e9xico (UNAM), dict\u00f3 la conferencia \u00abLa violencia epist\u00e9mica y educaci\u00f3n\u00bb, en la cual subray\u00f3 que un alto porcentaje de la juventud mexicana experimenta una marginaci\u00f3n social, producto del sistema socioecon\u00f3mico neoliberal imperante.<\/p>\n<p>En M\u00e9xico, inform\u00f3, el 54 por ciento de los j\u00f3venes vive en situaci\u00f3n de pobreza, seg\u00fan datos de la medici\u00f3n 2014 del Consejo Nacional de Evaluaci\u00f3n de la Pol\u00edtica de Desarrollo Social (Coneval), que refiere que 55 millones de mexicanos viv\u00edan en condici\u00f3n de vulnerabilidad, la cual empeora a\u00fan m\u00e1s entre los menores de 18 a\u00f1os.<\/p>\n<p>El acad\u00e9mico de origen chileno y Coordinador del Proyecto de Posgrado en Estudios Decoloniales y del Proyecto de Investigaci\u00f3n Juventudes Latinoamericanas, destac\u00f3 que la ausencia de un Estado que les garantice condiciones m\u00ednimas de vida, acceso a la diversi\u00f3n, a un trabajo digno, a la salud y seguridad, ha contribuido a que amplios sectores juveniles se vean obligados a buscar opciones fuera de la institucionalidad.<\/p>\n<p>\u00abMiles de j\u00f3venes, hombres y mujeres, son orillados a construir trayectorias de vida fuera de los canales y modalidades de integraci\u00f3n social al sistema, en la migraci\u00f3n, en la ilegalidad y criminalidad.\u00bb<\/p>\n<p>Sostuvo que en la medida que este proceso contin\u00fae extendi\u00e9ndose por el territorio nacional y los grupos sociales, el resquebrajamiento del sistema ser\u00e1 irreversible.<\/p>\n<p>Manifest\u00f3 que en los m\u00e1s de 20 a\u00f1os de haberse establecido en nuestro pa\u00eds, ha constatado que las autoridades pol\u00edticas y educativas, no s\u00f3lo de M\u00e9xico sino de Am\u00e9rica Latina, as\u00ed como diversas instituciones sociales, profesionistas y personas adultas, poseen prejuicios de los mundos juveniles que poco o nada les permite dar cuenta de su complejidad.<\/p>\n<p>De tal modo que las definiciones habitualmente adultoc\u00e9ntricas, refieren a los j\u00f3venes como: pol\u00edticos, inmaduros, rebeldes por naturaleza, el futuro del pa\u00eds, entre otras calificaciones. Lo cual construye miradas sesgadas que repercuten negativamente sobre su presente y su manera de significar el mundo.<\/p>\n","protected":false},"excerpt":{"rendered":"<p>El Encuentro de Egresados de Universidades Interculturales de M\u00e9xico 2015, del cual fue sede la Universidad Veracruzana, contribuye y retroalimenta las acciones que las instituciones de educaci\u00f3n superior interculturales han desarrollado, sobre todo en la formaci\u00f3n de los j\u00f3venes que actualmente aplican sus conocimientos en beneficio de las comunidades a las que pertenecen y de la sociedad en general.<\/p>\n\r\n<div class=\"seriesmeta\">Contenido 9 de 46 del n\u00famero <a href=\"https:\/\/www.uv.mx\/universo\/numero\/612\/\" class=\"series-364\" title=\"612\">612<\/a><\/div>","protected":false},"author":1664,"featured_media":9837,"comment_status":"closed","ping_status":"closed","sticky":false,"template":"","format":"standard","meta":[],"categories":[1],"tags":[],"series":[364],"_links":{"self":[{"href":"https:\/\/www.uv.mx\/universo\/wp-json\/wp\/v2\/posts\/9871"}],"collection":[{"href":"https:\/\/www.uv.mx\/universo\/wp-json\/wp\/v2\/posts"}],"about":[{"href":"https:\/\/www.uv.mx\/universo\/wp-json\/wp\/v2\/types\/post"}],"author":[{"embeddable":true,"href":"https:\/\/www.uv.mx\/universo\/wp-json\/wp\/v2\/users\/1664"}],"replies":[{"embeddable":true,"href":"https:\/\/www.uv.mx\/universo\/wp-json\/wp\/v2\/comments?post=9871"}],"version-history":[{"count":0,"href":"https:\/\/www.uv.mx\/universo\/wp-json\/wp\/v2\/posts\/9871\/revisions"}],"wp:featuredmedia":[{"embeddable":true,"href":"https:\/\/www.uv.mx\/universo\/wp-json\/wp\/v2\/media\/9837"}],"wp:attachment":[{"href":"https:\/\/www.uv.mx\/universo\/wp-json\/wp\/v2\/media?parent=9871"}],"wp:term":[{"taxonomy":"category","embeddable":true,"href":"https:\/\/www.uv.mx\/universo\/wp-json\/wp\/v2\/categories?post=9871"},{"taxonomy":"post_tag","embeddable":true,"href":"https:\/\/www.uv.mx\/universo\/wp-json\/wp\/v2\/tags?post=9871"},{"taxonomy":"series","embeddable":true,"href":"https:\/\/www.uv.mx\/universo\/wp-json\/wp\/v2\/series?post=9871"}],"curies":[{"name":"wp","href":"https:\/\/api.w.org\/{rel}","templated":true}]}}