{"id":63,"date":"2013-08-01T17:37:02","date_gmt":"2013-08-01T22:37:02","guid":{"rendered":"https:\/\/www.uv.mx\/veracruz\/comercio\/?p=63"},"modified":"2020-06-02T22:04:27","modified_gmt":"2020-06-03T03:04:27","slug":"lineas-generacion-yo-aplicacion-del-conocimiento-del-programa","status":"publish","type":"post","link":"https:\/\/www.uv.mx\/veracruz\/comercio\/docentes-e-investigadores\/lineas-generacion-yo-aplicacion-del-conocimiento-del-programa\/","title":{"rendered":"L\u00edneas generaci\u00f3n y\/o aplicaci\u00f3n del conocimiento del programa"},"content":{"rendered":"<table cellspacing=\"0\" cellpadding=\"0\" bgcolor=\"#f6f5f1\">\n<tbody>\n<tr>\n<td dir=\"\" colspan=\"2\" scope=\"\" align=\"\" valign=\"top\"><strong>\u00a0 L\u00edneas de Generaci\u00f3n y Aplicaci\u00f3n del Conocimiento<\/strong><\/td>\n<\/tr>\n<tr>\n<td dir=\"\" scope=\"\" align=\"\" valign=\"top\">\u00a0<strong>Nombre de la LGAC1<\/strong><\/td>\n<td dir=\"\" scope=\"\" align=\"\" valign=\"top\">\u00a0Administraci\u00f3n y estrategia empresarial en los negocios internacionales.<strong><br \/>\n<\/strong><\/td>\n<\/tr>\n<tr>\n<td colspan=\"2\" valign=\"top\" height=\"27\">Representa el eje principal del objeto de estudio de este programa de estudio de posgrado y comprende los conceptos y tem\u00e1ticas principales del comercio internacional en su m\u00e1s amplio aspecto, as\u00ed como el estudio de tratados y acuerdos del comercio internacional que dan pauta a la realizaci\u00f3n de operaciones comerciales en los distintos pa\u00edses o bloques regionales que los conforman.<\/td>\n<\/tr>\n<tr>\n<td colspan=\"2\" valign=\"top\"><\/td>\n<\/tr>\n<tr>\n<td dir=\"\" scope=\"\" align=\"\" valign=\"top\">\u00a0\u00a0<strong>Nombre de la LGAC2<\/strong><\/td>\n<td dir=\"\" scope=\"\" align=\"\" valign=\"top\"><strong>Estudios de apoyo al comercio internacional desde una perspectiva transdisciplinar<\/strong><\/td>\n<\/tr>\n<tr>\n<td colspan=\"2\" valign=\"top\">\u00a0Comprende todas las disciplinas cl\u00e1sicas y emergentes necesarias para el estudio del comercio internacional y la elaboraci\u00f3n de proyectos integrales tanto de exportaci\u00f3n como de importaci\u00f3n, tales como: econom\u00eda, mercadotecnia, finanzas, derecho, recursos humanos, contabilidad, psicolog\u00eda, geopol\u00edtica, geograf\u00eda, estad\u00edstica, m\u00e9todos cuantitativos, TICS, idiomas, negociaci\u00f3n, pol\u00edtica, sociolog\u00eda, gesti\u00f3n de la calidad, log\u00edstica, etc.<\/td>\n<\/tr>\n<tr>\n<td colspan=\"2\" valign=\"top\"><\/td>\n<\/tr>\n<tr>\n<td colspan=\"2\"><\/td>\n<\/tr>\n<\/tbody>\n<\/table>\n<p>&nbsp;<\/p>\n<p>&nbsp;<\/p>\n","protected":false},"excerpt":{"rendered":"<p>\u00a0 L\u00edneas de Generaci\u00f3n y Aplicaci\u00f3n del Conocimiento \u00a0Nombre de la LGAC1 \u00a0Administraci\u00f3n y estrategia empresarial en los negocios internacionales. Representa el eje principal del objeto de estudio de este programa de estudio de posgrado y comprende los conceptos y tem\u00e1ticas principales del comercio internacional en su m\u00e1s amplio aspecto, as\u00ed como el estudio de [&hellip;]<\/p>\n","protected":false},"author":14,"featured_media":0,"comment_status":"closed","ping_status":"closed","sticky":false,"template":"","format":"standard","meta":{"ventana_nueva":"","tipo_url":"","url":"","extracto":"","imagen_halign":"","imagen_valign":"","bg_size":"","text_hide":"","media_url":"","tipo_media":"","video_url":"","video_pos":"","video_youtube":"","footnotes":""},"categories":[7],"tags":[],"class_list":["post-63","post","type-post","status-publish","format-standard","hentry","category-docentes-e-investigadores"],"_links":{"self":[{"href":"https:\/\/www.uv.mx\/veracruz\/comercio\/wp-json\/wp\/v2\/posts\/63","targetHints":{"allow":["GET"]}}],"collection":[{"href":"https:\/\/www.uv.mx\/veracruz\/comercio\/wp-json\/wp\/v2\/posts"}],"about":[{"href":"https:\/\/www.uv.mx\/veracruz\/comercio\/wp-json\/wp\/v2\/types\/post"}],"author":[{"embeddable":true,"href":"https:\/\/www.uv.mx\/veracruz\/comercio\/wp-json\/wp\/v2\/users\/14"}],"replies":[{"embeddable":true,"href":"https:\/\/www.uv.mx\/veracruz\/comercio\/wp-json\/wp\/v2\/comments?post=63"}],"version-history":[{"count":0,"href":"https:\/\/www.uv.mx\/veracruz\/comercio\/wp-json\/wp\/v2\/posts\/63\/revisions"}],"wp:attachment":[{"href":"https:\/\/www.uv.mx\/veracruz\/comercio\/wp-json\/wp\/v2\/media?parent=63"}],"wp:term":[{"taxonomy":"category","embeddable":true,"href":"https:\/\/www.uv.mx\/veracruz\/comercio\/wp-json\/wp\/v2\/categories?post=63"},{"taxonomy":"post_tag","embeddable":true,"href":"https:\/\/www.uv.mx\/veracruz\/comercio\/wp-json\/wp\/v2\/tags?post=63"}],"curies":[{"name":"wp","href":"https:\/\/api.w.org\/{rel}","templated":true}]}}